{"id":147,"date":"2019-01-06T10:10:00","date_gmt":"2019-01-06T09:10:00","guid":{"rendered":"https:\/\/leplaisirdetresoi.fr\/blog\/?p=147"},"modified":"2021-09-11T14:02:29","modified_gmt":"2021-09-11T12:02:29","slug":"pilou-graphiste-et-illustrateur-angers","status":"publish","type":"post","link":"https:\/\/leplaisirdetresoi.fr\/blog\/pilou-graphiste-et-illustrateur-angers\/","title":{"rendered":"Pilou \u2013 Graphiste et Illustrateur \u00e0 Angers"},"content":{"rendered":"\n<figure class=\"wp-block-image size-large\"><img loading=\"lazy\" width=\"1024\" height=\"683\" src=\"http:\/\/leplaisirdetresoi.fr\/blog\/wp-content\/uploads\/2021\/09\/PILOU_1-1024x683.jpg\" alt=\"PILOU-artiste-angers\" class=\"wp-image-201\" srcset=\"https:\/\/leplaisirdetresoi.fr\/blog\/wp-content\/uploads\/2021\/09\/PILOU_1-1024x683.jpg 1024w, https:\/\/leplaisirdetresoi.fr\/blog\/wp-content\/uploads\/2021\/09\/PILOU_1-300x200.jpg 300w, https:\/\/leplaisirdetresoi.fr\/blog\/wp-content\/uploads\/2021\/09\/PILOU_1-768x512.jpg 768w, https:\/\/leplaisirdetresoi.fr\/blog\/wp-content\/uploads\/2021\/09\/PILOU_1-508x339.jpg 508w, https:\/\/leplaisirdetresoi.fr\/blog\/wp-content\/uploads\/2021\/09\/PILOU_1.jpg 1200w\" sizes=\"(max-width: 1024px) 100vw, 1024px\" \/><\/figure>\n\n\n\n<p>Nous sommes chez <a href=\"https:\/\/www.facebook.com\/samesameangers\/\" target=\"_blank\" rel=\"noreferrer noopener\"><strong>Same Same<\/strong><\/a> \u00e0 Angers : petit salon de th\u00e9 bio et vegan offrant curiosit\u00e9s gustatives et rencontres de c\u0153ur. C\u2019est l\u00e0 que nous nous sommes donn\u00e9s rendez-vous, <a href=\"https:\/\/www.facebook.com\/piloufactory\/\" target=\"_blank\" rel=\"noreferrer noopener\"><strong>Pilou<\/strong><\/a> et moi, en tant que fief mutuel, pour cet interview.<\/p>\n\n\n\n<p>L\u2019id\u00e9e m\u2019est venue quelques semaines auparavant. Tu sais, ce genre d\u2019id\u00e9e qui te traverse un soir, une nuit ou un matin et qui te dit \u00ab&nbsp;<em>faut que tu fasses ce truc<\/em>&nbsp;\u00bb et qui se r\u00e9p\u00e8te en boucle tant que tu n\u2019es pas pass\u00e9 \u00e0 l\u2019action. Je suis s\u00fbre que tu vois de quoi je parle.<\/p>\n\n\n\n<p>Et bien ce jour-l\u00e0, quand cette envie d\u2019interviewer Pilou sur son art m\u2019a travers\u00e9, je n\u2019ai pas r\u00e9fl\u00e9chie longtemps avant de passer \u00e0 l\u2019action. Je l\u2019avais d\u00e9couvert quelques mois auparavant en exposition chez Same Same et j\u2019ai v\u00e9ritablement d\u00e9couvert un \u00ab&nbsp;Univers&nbsp;\u00bb. Quelques clics plus tard, je m\u2019abonnais \u00e0 son <a href=\"https:\/\/www.instagram.com\/p.i.l.o.u\/\" target=\"_blank\" rel=\"noreferrer noopener\"><strong>Instagram<\/strong><\/a> pour suivre son actu. Et quelques mois plus tard\u2026 nous voil\u00e0 !<\/p>\n\n\n\n<p>Arm\u00e9e de ma tisane et de mon g\u00e2teau, j\u2019entame cet \u00e9change chaleureux.<\/p>\n\n\n\n<p>Salut\u2026 Salut\u2026 On se fait la bise\u2026 Le contact est fluide\u2026 Sa bouille de jeune frenchie est avenante et souriante. On s\u2019installe tranquille dans l\u2019arri\u00e8re salle pour papoter.<\/p>\n\n\n\n<p>Alors\u2026 T\u2019es qui ???? Lol<\/p>\n\n\n\n<p>Pilou a 24 ans. Il est originaire de Vend\u00e9e et \u00e7a fait maintenant 5 ans qu\u2019il habite \u00e0 Angers. Sorti d\u2019un bac S, il rejoint la douceur angevine pour faire son BTS Design Graphique \u00e0 l\u2019<a href=\"https:\/\/www.eegp.fr\/\" target=\"_blank\" rel=\"noreferrer noopener\"><strong>EEGP<\/strong><\/a> (Ecole Europ\u00e9enne de Graphisme et Publicit\u00e9) bas\u00e9e \u00e0 Angers. R\u00e9gion qu\u2019il ne quittera pas, en tout cas, pas pour le moment car il s\u2019y sent bien.<\/p>\n\n\n\n<p>Bon\u2026 Sinon\u2026 Ce qui a motiv\u00e9 cet interview, \u00e0 la base, ce sont plusieurs choses. D\u00e9j\u00e0 la qualit\u00e9 de ses r\u00e9alisations et l\u2019univers dans lequel il projette le spectateur. J\u2019avais aussi une envie d\u2019en savoir plus sur lui et la mani\u00e8re dont il avait avanc\u00e9 dans son art. Puis je souhaitais simplement le mettre en avant.<\/p>\n\n\n\n<p>Bien s\u00fbr, je n\u2019ai pas pu m\u2019emp\u00eacher de faire le parall\u00e8le avec deux-trois bricoles de mon cru. Je vous laisse donc d\u00e9couvrir ce personnage et son histoire.<\/p>\n\n\n\n<p>\u00ab\u00a0Il a suivi la vibration de son c\u0153ur et a d\u00e9cid\u00e9 de prendre ce chemin de la vie d\u2019artiste sans remettre en question ce qu\u2019il ressentait au plus profond de lui.\u00a0\u00bb<\/p>\n\n\n\n<h2>La travers\u00e9e du d\u00e9sert de l&rsquo;entrepreneur\u200b<\/h2>\n\n\n\n<p>Ah la vie d\u2019entrepreneur\u2026 Devenir son propre patron\u2026 Suivre ses propres r\u00e8gles et devenir libre\u2026 Comme \u00e7a, \u00e7a vend du r\u00eave. Mais c\u2019est sans parler des d\u00e9buts\u2026 souvent chaotiques\u2026 Auxquels nous sommes rarement pr\u00e9par\u00e9s\u2026 Manque d\u2019organisation\u2026 Manque de strat\u00e9gie\u2026 Heures de travail non r\u00e9mun\u00e9r\u00e9es&#8230; Refus de faire du marketing ou toute autre allergie \u00e0 la standardisation, j\u2019en passe et des meilleurs\u2026 Heureusement que le jeu en vaut la chandelle et que le succ\u00e8s arrive quand on est motiv\u00e9.<\/p>\n\n\n\n<p>Cette p\u00e9riode peut \u00eatre plus ou moins longue, en fonction de chacun. Pouvant aller de plusieurs mois \u00e0 plusieurs ann\u00e9es. Pour Pilou, qui n\u2019a pas \u00e9chapp\u00e9 \u00e0 la r\u00e8gle de cette travers\u00e9e jouant sur l\u2019endurance, il aura fallu 3 ans. Un peu comme moi \ud83d\ude42 3 ann\u00e9es assez gal\u00e8res o\u00f9 il faut faire sa place, se faire conna\u00eetre. Le genre de d\u00e9marches que l\u2019on n\u2019apprend pas \u00e0 l\u2019\u00e9cole et qui font bien partie du parcours de l\u2019entrepreneur.<\/p>\n\n\n\n<p>Et entre la premi\u00e8re \u00e9tape \u00ab&nbsp;Je me lance&nbsp;\u00bb et la finalit\u00e9 \u00ab&nbsp;Je vis de ma passion&nbsp;\u00bb, il y a un monde, un univers tout entier qui s\u2019est d\u00e9ploy\u00e9 sous ses pieds de <strong>graphiste freelance<\/strong>.<\/p>\n\n\n\n<h2>Le \u00ab&nbsp;pourquoi&nbsp;\u00bb de l\u2019entrepreneur\u200b<\/h2>\n\n\n\n<p>Mais ce qui a aid\u00e9 Pilou \u00e0 traverser cette \u00e9tape de vie. C\u2019est la force de la motivation. Et cette motivation, elle vient du \u00ab\u00a0pourquoi\u00a0\u00bb.<\/p>\n\n\n\n<p>Tu en as d\u00e9j\u00e0 s\u00fbrement entendu parler : <strong>trouver son \u00ab&nbsp;pourquoi&nbsp;\u00bb<\/strong> (son \u00ab&nbsp;why&nbsp;\u00bb)\u2026 de David Laroche au premier coach sorti d&rsquo;\u00e9tudes. Le \u00ab&nbsp;pourquoi&nbsp;\u00bb est l\u2019essence de notre travail en tant qu\u2019entrepreneur. Il est la raison d\u2019\u00eatre pour laquelle nous nous levons le matin et pour laquelle nous travaillons, faisons des heures et des heures et avan\u00e7ons.<\/p>\n\n\n\n<p>Pour certains, ce \u00ab&nbsp;pourquoi&nbsp;\u00bb se cache dans l\u2019inconscient, pour d\u2019autres il est comme une \u00e9vidence.<\/p>\n\n\n\n<p>Et pour Pilou, d\u2019autant qu\u2019il s\u2019en souvienne, ce \u00ab&nbsp;pourquoi&nbsp;\u00bb a toujours \u00e9t\u00e9 pr\u00e9sent \u00e0 l\u2019int\u00e9rieur de lui en conscience\u2026 Il a toujours voulu dessiner, depuis sa tendre enfance. Cette \u00e9tincelle de la cr\u00e9ativit\u00e9 a pris place dans son c\u0153ur alors qu\u2019il n\u2019\u00e9tait encore qu\u2019un enfant. Et c\u2019est naturellement qu\u2019il a suivi son ressenti int\u00e9rieur pour le guider vers ses \u00e9tudes de graphisme puis dans sa carri\u00e8re naissante de graphiste freelance.<\/p>\n\n\n\n<p>Alors tu me diras : \u00ab&nbsp;<em>facile, il le ressentait d\u00e8s le d\u00e9but, lui !!<\/em>&nbsp;\u00bb\u2026 h\u00e9h\u00e9\u2026 Ne t\u2019inqui\u00e8te pas\u2026 J\u2019ai pens\u00e9 \u00e0 toi et je t\u2019ai pr\u00e9par\u00e9 une <a href=\"https:\/\/app.getresponse.com\/site2\/trouve-ton-pourquoi?u=ziiQy&amp;webforms_id=B9eWy\" target=\"_blank\" rel=\"noreferrer noopener\"><strong>fiche pratique<\/strong><\/a> pour t\u2019aider \u00e0 trouver ton \u00ab&nbsp;pourquoi&nbsp;\u00bb. Tu la retrouveras en bas de cet article.<\/p>\n\n\n\n<p>Bon, sinon, \u00e7a te dit quelque chose \u00e7a ??? Suivre son ressenti !!! Sa petite voix !!! Son envie !!! C\u2019est exactement ce qu\u2019a fait Pilou. Il a suivi la vibration de son coeur et a d\u00e9cid\u00e9 de prendre ce chemin de la vie d\u2019artiste sans remettre en question ce qu\u2019il ressentait au plus profond de lui.<\/p>\n\n\n\n<h2>La p\u00e9pite pour r\u00e9ussir en tant qu\u2019entrepreneur\u200b<\/h2>\n\n\n\n<p>Alors c\u2019est bien beau tout \u00e7a mais avec la travers\u00e9e du d\u00e9sert de l\u2019entrepreneur et cette envie intrins\u00e8que pr\u00e9sente dans son c\u0153ur depuis sa tendre enfance, ce n\u2019est pas pour autant qu\u2019il savait quoi faire. Et c\u2019est un jour, au d\u00e9tour d\u2019un premier de l\u2019an, comme une r\u00e9solution de l\u2019ann\u00e9e, que Pilou se lance dans une aventure, de lui avec lui. Et il s\u2019y lancera, corps et \u00e2me, sans en mesurer l\u2019impact sur son activit\u00e9 professionnelle.<\/p>\n\n\n\n<p>Cette aventure particuli\u00e8re qui deviendra le point de bascule de sa jeune carri\u00e8re de graphiste est un <strong>challenge personnel et professionnel<\/strong>. Son objectif est bien pr\u00e9cis. La mission qu\u2019il s\u2019est fix\u00e9e lui demandera beaucoup d\u2019endurance et de cr\u00e9ativit\u00e9. Elle prendra vie \u00e0 son bureau, entour\u00e9 de tout son mat\u00e9riel et se d\u00e9roulera avec plus ou moins de difficult\u00e9s.<\/p>\n\n\n\n<p>Alors\u2026 As-tu trouv\u00e9 ?<br>Allez\u2026 Je vais \u00eatre sympa et ne garde pas le suspens plus longtemps\u2026<\/p>\n\n\n\n<p>Ce jour l\u00e0, Pilou a d\u00e9cid\u00e9 de se lancer dans le challenge de r\u00e9aliser un dessin par jour, pendant un an. Alors du 1er janvier au 31 d\u00e9cembre, ce sont 365 dessins qui verront le jour, tous diff\u00e9rents, tous uniques mais s\u2019inscrivant dans un \u00ab&nbsp;Univers&nbsp;\u00bb particulier. \u00ab&nbsp;Univers&nbsp;\u00bb qui sera finalement le nom de bapt\u00eame de cette s\u00e9rie de dessins.<\/p>\n\n\n\n<p>Ce challenge personnel aura permis \u00e0 Pilou de voir se d\u00e9ployer ses talents de dessinateur, sa patte, sa touche. Une \u00e9volution ind\u00e9niable de ses dessins qui s\u2019est fait par la r\u00e9p\u00e9tition\u2026 la r\u00e9p\u00e9tition\u2026 la r\u00e9p\u00e9tition.<\/p>\n\n\n\n<p>Et c\u2019est l\u00e0, la p\u00e9pite que je souhaitais te partager\u2026 r\u00e9p\u00e9ter\u2026 r\u00e9p\u00e9ter\u2026 r\u00e9p\u00e9ter\u2026 et tu r\u00e9ussiras dans ton entreprise. La r\u00e9p\u00e9tition g\u00e9n\u00e8re forc\u00e9ment un effet, c\u2019est m\u00e9canique !<\/p>\n\n\n\n<p>Et c\u2019est donc bien accroch\u00e9 \u00e0 son challenge que Pilou finit l\u2019ann\u00e9e sur le fil partant pour un nouveau cycle nourri de cette exp\u00e9rience quelque peu d\u00e9mesur\u00e9e mais tellement enrichissante et grandissante.<\/p>\n\n\n\n<h2>Puis le succ\u00e8s prend vie\u200b<\/h2>\n\n\n\n<p>Vous l\u2019aurez compris derri\u00e8re l\u2019univers visuel de Pilou, ce <strong>graphiste et illustrateur angevin<\/strong>, se cache un autre univers : celui du jeune homme qui veut r\u00e9ussir, qui veut pouvoir vivre de sa passion, de son plaisir et qui met en \u0153uvre, en suivant sa vibration int\u00e9rieure, les actions n\u00e9cessaires \u00e0 sa r\u00e9alisation.<\/p>\n\n\n\n<p>Aujourd\u2019hui, la travers\u00e9e du d\u00e9sert est derri\u00e8re lui et il entre dans cette carri\u00e8re d\u2019artiste avec le sourire aux l\u00e8vres et la douceur dans l\u2019\u00e2me. Aujourd\u2019hui, il est co-directeur artistique et graphiste pour un futur magazine de mode <a href=\"https:\/\/www.consoglobe.com\/slow-wear-pret-porter-ethique-2990-cg\" target=\"_blank\" rel=\"noreferrer noopener\"><strong>slow wear<\/strong><\/a> \u00e0 Paris, il cr\u00e9\u00e9 les illustrations pour les nouveaux morceaux de l\u2019album du beatboxer angevin <a href=\"https:\/\/www.facebook.com\/orfeybbx\/\" target=\"_blank\" rel=\"noreferrer noopener\"><strong>Orfey<\/strong><\/a> et collabore avec diff\u00e9rents artistes et cr\u00e9ateurs de bijoux.<\/p>\n\n\n\n<p>Alors si toi aussi, tu as envie de trouver ton \u00ab\u00a0pourquoi\u00a0\u00bb pour d\u00e9ployer toute l&rsquo;\u00e9nergie dont tu as besoin dans ton quotidien pour avancer sur tes projets, je t&rsquo;ai pr\u00e9par\u00e9 une fiche pratique qui te permettra d&rsquo;y voir plus clair. Tu peux la t\u00e9l\u00e9charger directement en cliquant sur le bouton ci-dessous.<\/p>\n\n\n\n<p><strong>Et tu peux aussi nous partager en commentaire ton \u00ab\u00a0pourquoi\u00a0\u00bb ou ta r\u00e9solution de l&rsquo;ann\u00e9e. Pense qu&rsquo;en partageant tu peux \u00e0 ton tour inspirer d&rsquo;autres personnes.<\/strong><\/p>\n\n\n\n<p>Vous l\u2019aurez compris derri\u00e8re l\u2019univers visuel de Pilou, ce <strong>graphiste et illustrateur angevin<\/strong>, se cache un autre univers : celui du jeune homme qui veut r\u00e9ussir, qui veut pouvoir vivre de sa passion, de son plaisir et qui met en \u0153uvre, en suivant sa vibration int\u00e9rieure, les actions n\u00e9cessaires \u00e0 sa r\u00e9alisation.<\/p>\n\n\n\n<p>Aujourd\u2019hui, la travers\u00e9e du d\u00e9sert est derri\u00e8re lui et il entre dans cette carri\u00e8re d\u2019artiste avec le sourire aux l\u00e8vres et la douceur dans l\u2019\u00e2me. Aujourd\u2019hui, il est co-directeur artistique et graphiste pour un futur magazine de mode <a href=\"https:\/\/www.consoglobe.com\/slow-wear-pret-porter-ethique-2990-cg\" target=\"_blank\" rel=\"noreferrer noopener\"><strong>slow wear<\/strong><\/a> \u00e0 Paris, il cr\u00e9\u00e9 les illustrations pour les nouveaux morceaux de l\u2019album du beatboxer angevin <a href=\"https:\/\/www.facebook.com\/orfeybbx\/\" target=\"_blank\" rel=\"noreferrer noopener\"><strong>Orfey<\/strong><\/a> et collabore avec diff\u00e9rents artistes et cr\u00e9ateurs de bijoux.<\/p>\n\n\n\n<p>Alors si toi aussi, tu as envie de trouver ton \u00ab\u00a0pourquoi\u00a0\u00bb pour d\u00e9ployer toute l&rsquo;\u00e9nergie dont tu as besoin dans ton quotidien pour avancer sur tes projets, je t&rsquo;ai pr\u00e9par\u00e9 une fiche pratique qui te permettra d&rsquo;y voir plus clair. Tu peux la t\u00e9l\u00e9charger directement en cliquant sur le bouton ci-dessous.<\/p>\n\n\n\n<div class=\"wp-block-buttons is-content-justification-center\">\n<div class=\"wp-block-button\"><a class=\"wp-block-button__link has-white-color has-text-color has-background\" style=\"background-color:#ffb13a\">T\u00c9L\u00c9CHARGER LA FICHE<\/a><\/div>\n<\/div>\n\n\n\n<p><strong>Et tu peux aussi nous partager en commentaire ton \u00ab\u00a0pourquoi\u00a0\u00bb ou ta r\u00e9solution de l&rsquo;ann\u00e9e. Pense qu&rsquo;en partageant tu peux \u00e0 ton tour inspirer d&rsquo;autres personnes.<\/strong><\/p>\n","protected":false},"excerpt":{"rendered":"<p>Pilou a 24 ans. Il est originaire de Vend\u00e9e et \u00e7a fait maintenant 5 ans qu\u2019il habite \u00e0 Angers. Sorti d\u2019un bac S, il rejoint la douceur angevine pour faire son BTS Design Graphique \u00e0 l\u2019EEGP (Ecole Europ\u00e9enne de Graphisme et Publicit\u00e9) bas\u00e9e \u00e0 Angers. R\u00e9gion qu\u2019il ne quittera pas, en tout cas, pas pour le moment car il &#8230;<\/p>\n","protected":false},"author":1,"featured_media":201,"comment_status":"open","ping_status":"open","sticky":false,"template":"","format":"standard","meta":[],"categories":[17,5,3],"tags":[],"_links":{"self":[{"href":"https:\/\/leplaisirdetresoi.fr\/blog\/wp-json\/wp\/v2\/posts\/147"}],"collection":[{"href":"https:\/\/leplaisirdetresoi.fr\/blog\/wp-json\/wp\/v2\/posts"}],"about":[{"href":"https:\/\/leplaisirdetresoi.fr\/blog\/wp-json\/wp\/v2\/types\/post"}],"author":[{"embeddable":true,"href":"https:\/\/leplaisirdetresoi.fr\/blog\/wp-json\/wp\/v2\/users\/1"}],"replies":[{"embeddable":true,"href":"https:\/\/leplaisirdetresoi.fr\/blog\/wp-json\/wp\/v2\/comments?post=147"}],"version-history":[{"count":2,"href":"https:\/\/leplaisirdetresoi.fr\/blog\/wp-json\/wp\/v2\/posts\/147\/revisions"}],"predecessor-version":[{"id":203,"href":"https:\/\/leplaisirdetresoi.fr\/blog\/wp-json\/wp\/v2\/posts\/147\/revisions\/203"}],"wp:featuredmedia":[{"embeddable":true,"href":"https:\/\/leplaisirdetresoi.fr\/blog\/wp-json\/wp\/v2\/media\/201"}],"wp:attachment":[{"href":"https:\/\/leplaisirdetresoi.fr\/blog\/wp-json\/wp\/v2\/media?parent=147"}],"wp:term":[{"taxonomy":"category","embeddable":true,"href":"https:\/\/leplaisirdetresoi.fr\/blog\/wp-json\/wp\/v2\/categories?post=147"},{"taxonomy":"post_tag","embeddable":true,"href":"https:\/\/leplaisirdetresoi.fr\/blog\/wp-json\/wp\/v2\/tags?post=147"}],"curies":[{"name":"wp","href":"https:\/\/api.w.org\/{rel}","templated":true}]}}