{"id":82,"date":"2019-09-21T18:52:00","date_gmt":"2019-09-21T16:52:00","guid":{"rendered":"https:\/\/leplaisirdetresoi.fr\/blog\/?p=82"},"modified":"2021-09-03T19:29:51","modified_gmt":"2021-09-03T17:29:51","slug":"accueillir-les-energies-de-septembre-mabon","status":"publish","type":"post","link":"https:\/\/leplaisirdetresoi.fr\/blog\/accueillir-les-energies-de-septembre-mabon\/","title":{"rendered":"Accueillir les \u00e9nergies de septembre \u2013 Mabon"},"content":{"rendered":"\n<figure class=\"wp-block-image size-large\"><img loading=\"lazy\" width=\"1024\" height=\"682\" src=\"http:\/\/leplaisirdetresoi.fr\/blog\/wp-content\/uploads\/2021\/09\/flower-2587531_1280-1024x682.jpg\" alt=\"cycle-celtique-mabon-septembre-celtisme-paganisme-celte-roue-ann\u00e9e-wicca\" class=\"wp-image-99\" srcset=\"https:\/\/leplaisirdetresoi.fr\/blog\/wp-content\/uploads\/2021\/09\/flower-2587531_1280-1024x682.jpg 1024w, https:\/\/leplaisirdetresoi.fr\/blog\/wp-content\/uploads\/2021\/09\/flower-2587531_1280-300x200.jpg 300w, https:\/\/leplaisirdetresoi.fr\/blog\/wp-content\/uploads\/2021\/09\/flower-2587531_1280-768x512.jpg 768w, https:\/\/leplaisirdetresoi.fr\/blog\/wp-content\/uploads\/2021\/09\/flower-2587531_1280-1240x826.jpg 1240w, https:\/\/leplaisirdetresoi.fr\/blog\/wp-content\/uploads\/2021\/09\/flower-2587531_1280-508x339.jpg 508w, https:\/\/leplaisirdetresoi.fr\/blog\/wp-content\/uploads\/2021\/09\/flower-2587531_1280.jpg 1280w\" sizes=\"(max-width: 1024px) 100vw, 1024px\" \/><\/figure>\n\n\n\n<p>Cet article est le quatri\u00e8me de la s\u00e9rie de 8 articles <strong>consacr\u00e9s \u00e0 ton harmonisation avec les grands cycles naturels de la vie<\/strong>. T&rsquo;harmoniser avec ces cycles te permettra de prendre du recul par rapport aux diff\u00e9rentes phases de la vie et de mieux vivre chaque p\u00e9riode de l&rsquo;ann\u00e9e te rendant compte que ce que tu vis est en corr\u00e9lation avec les \u00e9nergies en place.<\/p>\n\n\n\n<p>Cette s\u00e9rie d&rsquo;articles propose donc un <strong>voyage au c\u0153ur des 8 f\u00eates du calendrier celtique<\/strong> comprenant les 4 f\u00eates principales et les 4 mouvements c\u00e9lestes des solstices et des \u00e9quinoxes.<\/p>\n\n\n\n<p>Les diff\u00e9rents contenus propos\u00e9s dans cette s\u00e9rie d&rsquo;articles sont tous issus de l&rsquo;enseignement du Cycle Celtique que j&rsquo;ai propos\u00e9 durant 4 ann\u00e9es cons\u00e9cutives.<\/p>\n\n\n\n<h2>1.Invocation des \u00e9nergies de la p\u00e9riode<\/h2>\n\n\n\n<p>Pour commencer, voici le texte d&rsquo;invocation des \u00e9nergies de la p\u00e9riode de Mabon. Tu retrouveras ce texte dans la m\u00e9ditation d&rsquo;ouverture que tu peux t\u00e9l\u00e9charger d\u00e8s maintenant en cliquant sur le bouton un peu plus bas.<\/p>\n\n\n\n<blockquote class=\"wp-block-quote\"><p><strong>Le souffle de l\u2019Awen<\/strong><\/p><p>Le sens fondamental d\u2019Awen est \u00ab&nbsp;souffler, souffle, vent&nbsp;\u00bb, car l\u2019inspiration est une \u00ab&nbsp;inhalation&nbsp;\u00bb, l\u2019absorption d\u2019un souffle. Cela se r\u00e9f\u00e8re tout d\u2019abord \u00e0 l\u2019inspiration po\u00e9tique, o\u00f9 les mots sont exhal\u00e9s par le vent, mais cela est essentiel pour l\u2019ex\u00e9cution continue et habile de toutes les formes d\u2019art, comme les ma\u00eetres le savent. Par exemple, dans la calligraphie japonaise, les traits d\u00e9pendent de la circulation correcte du souffle quand la plume est appliqu\u00e9e sur le papier.<\/p><\/blockquote>\n\n\n\n<p>Les axes de la p\u00e9riode sont :<\/p>\n\n\n\n<ul><li>\u00c9vocation<\/li><li>Remerciement<\/li><li>Bilan<\/li><\/ul>\n\n\n\n<h2>2.Mabon : Origines de la f\u00eate<\/h2>\n\n\n\n<p>Septembre est un mois de changement. Les m\u00fbres et les noisettes sont \u00e0 maturit\u00e9 dans les haies. La lumi\u00e8re vesp\u00e9rale nous dit que l\u2019automne est venu et les heures de la nuit redeviennent \u00e9gales \u00e0 celles du jour. Les feuilles rougissent et les champs de bl\u00e9 dor\u00e9 deviennent des champs de chaume apr\u00e8s le passage de la faux. Car c\u2019est le mois o\u00f9 le gros de la r\u00e9colte est fait dans la plupart des pays celtiques.<\/p>\n\n\n\n<p><strong>Mabon, f\u00eates de l\u2019\u00e9quinoxe d\u2019automne<\/strong> se place entre le 20 et le 23 septembre selon le mouvement cosmique et notre calendrier occidental.<\/p>\n\n\n\n<p>Le Dieu perd encore un peu plus de sa vigueur superbe de l&rsquo;\u00e9t\u00e9 qui s&rsquo;ach\u00e8ve, cela est visible par la chute des feuilles, des fruits et les couleurs chaudes qui animent le paysage sous le souffle du vent. La D\u00e9esse commence \u00e0 somnoler marquant l&rsquo;arriv\u00e9e de l&rsquo;hiver. <strong>C&rsquo;est un moment id\u00e9al pour l&rsquo;introspection et la <a href=\"https:\/\/www.youtube.com\/watch?v=BpDY9iInv0o&amp;t=2s\">m\u00e9ditation<\/a><\/strong>. Mabon est une p\u00e9riode qui favorise l\u2019\u00e9vocation, la r\u00e9flexion, l\u2019int\u00e9riorisation, la synth\u00e8se de l\u2019exp\u00e9rience de l\u2019\u00e9t\u00e9.<\/p>\n\n\n\n<p>Elle invite au bilan.<\/p>\n\n\n\n<h2>3.Mabon : Symbole d&rsquo;acceptation<\/h2>\n\n\n\n<p>C&rsquo;est ce moment que l&rsquo;on choisira pour commencer \u00e0 se d\u00e9tendre, se relaxer et \u00e0 profiter de nos r\u00e9coltes personnelles, de notre jardin int\u00e9rieur, de nos moissons, tous les domaines de notre vie qui m\u00e9ritent un point d&rsquo;analyse et de mise \u00e0 jour pour refl\u00e9ter notre \u00e9volution personnelle. Mabon est un moment durant lequel on se questionne, on se remet en question, on fait le bilan, et pendant lequel on <strong><a href=\"https:\/\/www.youtube.com\/watch?v=BpDY9iInv0o&amp;t=2s\">m\u00e9dite sur sa vie<\/a><\/strong>.<\/p>\n\n\n\n<p><strong>C\u2019est un retour sur l\u2019ann\u00e9e \u00e9coul\u00e9e et sur l\u2019ensemble de notre vie.<\/strong><\/p>\n\n\n\n<p>La lumi\u00e8re commence \u00e0 d\u00e9cliner, les ciels se chargent d&rsquo;eau r\u00e9sultat de la chaleur du feu de l&rsquo;\u00e9t\u00e9. L\u2019\u00e9t\u00e9 prend fin, on lui dit adieu. On se rem\u00e9more les liens d\u2019amiti\u00e9s et familiaux. L&rsquo;agitation de l&rsquo;\u00e9t\u00e9 tend \u00e0 s&rsquo;adoucir.<\/p>\n\n\n\n<p><strong>Mabon marque un espace temps d&rsquo;\u00e9quilibre entre l&rsquo;agitation de l&rsquo;\u00e9t\u00e9 et la torpeur de l&rsquo;hiver.<\/strong><\/p>\n\n\n\n<p>C\u2019est la seconde r\u00e9colte apr\u00e8s Lughnasadh qui \u00e9tait la moisson joyeuse et la gratitude \u00e0 la terre. Aujourd\u2019hui, nous remercions pour les cadeaux de la moisson. Nous remercions pour les bienfaits de la nature et honorons les temps anciens, les personnes \u00e2g\u00e9es et l\u2019approche de l\u2019hiver.<\/p>\n\n\n\n<p>Mabon est ainsi une p\u00e9riode propice aux myst\u00e8res et \u00e0 la transformation car comme lors de chaque passage, le voile entre les mondes se fait plus t\u00e9nu et il est alors possible de comprendre des v\u00e9rit\u00e9s antiques et occultes. Cette f\u00eate symbolise \u00e9galement la vieillesse et l&rsquo;acceptation de la mort&nbsp;; la nuit, le froid, le blanc. Le gel reprend ses droits. On se pr\u00e9pare \u00e0 la p\u00e9nombre.<\/p>\n\n\n\n<p><strong>Il s\u2019agit d\u2019une p\u00e9riode qui invite \u00e0 aller \u00e0 l\u2019essentiel pour \u00e9viter les d\u00e9perditions d\u2019\u00e9nergie.<\/strong><\/p>\n\n\n\n<p>Temps de l\u2019\u00e9vocation, Mabon nous invite \u00e0 nous exercer \u00e0 l\u2019art de l\u2019\u00e9vocation qui repose essentiellement sur les images mentales ou visualisations. Une \u00e9vocation \u00e9tant le fait de donner une existence mentale de fa\u00e7on consciente \u00e0 un objet, une id\u00e9e, une \u00e9nergie, un futur.<\/p>\n\n\n\n<p>Nous prenons ainsi conscience de l&rsquo;existence de cet objet en nous donnant int\u00e9rieurement une \u00e9vocation qui peut \u00eatre visuelle (image iconique, dessin&#8230;), auditive (bruit, son&#8230;), verbale (paroles, commentaires&#8230;) ou tactile (ressenti de toucher&#8230;). Nous pouvons d\u00e9finir les \u00e9vocations comme des moyens de traiter les informations que nous percevons.<\/p>\n\n\n\n<p>Le terme d&rsquo;\u00e9vocation \u00e9tait utilis\u00e9 autrefois dans les milieux \u00e9sot\u00e9riques et mystiques, et \u00e9tait oppos\u00e9 au terme \u00ab&nbsp;invocation&nbsp;\u00bb. L&rsquo;invocation cherche plus \u00e0 \u00ab&nbsp;s&rsquo;approprier&nbsp;\u00bb une force, un ressenti, un v\u00e9cu sans passer par la conceptualisation. L&rsquo;\u00e9vocation a pour but de \u00ab&nbsp;faire appara\u00eetre visuellement&nbsp;\u00bb une entit\u00e9 \u00e9voqu\u00e9e. Il s&rsquo;agissait, par un travail de nommage et de visualisation, de circonscrire un concept pour mieux le comprendre. Cela concernant les actes intellectuels tout autant que manuels.<\/p>\n\n\n\n<p>Et comme toute \u00e9quinoxe, Mabon invite \u00e0 concilier toutes les facettes de notre \u00eatre, <strong>\u00e0 accepter en nous notre lumi\u00e8re spirituelle sans renier notre aspect destructeur pour nous-m\u00eames et pour les autres<\/strong>.<\/p>\n\n\n\n<p>C\u2019est le point du juste milieu autour duquel tout oscille.<\/p>\n\n\n\n<h2>4.Mabon : Mantra de la p\u00e9riode<\/h2>\n\n\n\n<blockquote class=\"wp-block-quote\"><p><em>\u00ab\u00a0Je suis la tranquillit\u00e9 de l&rsquo;axe au centre de la roue.\u00a0\u00bb<\/em><\/p><\/blockquote>\n\n\n\n<p>Dans l&rsquo;hindouisme et le bouddhisme, <strong>les mantras sont des syllabes ou phrases sacr\u00e9es dot\u00e9es d&rsquo;un pouvoir spirituel<\/strong>. La pratique du mantra s&rsquo;est d\u00e9velopp\u00e9e dans un sens plus large au d\u00e9veloppement personnel et spirituel permettant ainsi de cr\u00e9er de nouveaux chemins neuronaux.<\/p>\n\n\n\n<p>Nom et forme sont deux faces d&rsquo;une m\u00eame pi\u00e8ce. Nous ne pouvons pas avoir l&rsquo;un sans l&rsquo;autre. Lorsque tu r\u00e9p\u00e8tes un nom, la forme vient \u00e0 l&rsquo;esprit. Bien que tu ne puisses pas conna\u00eetre consciemment la forme li\u00e9e \u00e0 certain mantra, un mode de pens\u00e9e sp\u00e9cifique est cr\u00e9e dans ton esprit.<\/p>\n\n\n\n<p>Le son, constitu\u00e9 de vibrations, est de l&rsquo;\u00e9nergie et par la r\u00e9p\u00e9tition d&rsquo;un mantra, tu peux acc\u00e9der \u00e0 un plan de conscience sup\u00e9rieur et ainsi pouvoir incarner et exp\u00e9rimenter les caract\u00e9ristiques de celui-ci.<\/p>\n\n\n\n<p><strong>Renforc\u00e9s et propuls\u00e9s par la m\u00e9ditation<\/strong>, ils passent du niveau verbal, \u00e0 travers les \u00e9tats mentaux, \u00e0 l&rsquo;\u00e9nergie de la pens\u00e9e pure.<\/p>\n\n\n\n<p>Lorsque tu d\u00e9marres la r\u00e9p\u00e9tition d&rsquo;un mantra, cela cr\u00e9e un motif particulier dans ta pens\u00e9e. C&rsquo;est alors que l&rsquo;\u00e9nergie se manifeste.<\/p>\n","protected":false},"excerpt":{"rendered":"<p>Septembre est un mois de changement. Les m\u00fbres et les noisettes sont \u00e0 maturit\u00e9 dans les haies. La lumi\u00e8re vesp\u00e9rale nous dit que l\u2019automne est venu et les heures de la nuit redeviennent \u00e9gales \u00e0 celles du jour. Les feuilles rougissent et les champs de bl\u00e9 dor\u00e9 deviennent des champs de chaume apr\u00e8s le passage de la faux. Car c\u2019est le mois o\u00f9 le gros de la r\u00e9colte est fait dans la plupart des pays celtiques.<\/p>\n","protected":false},"author":1,"featured_media":99,"comment_status":"open","ping_status":"open","sticky":false,"template":"","format":"standard","meta":[],"categories":[2],"tags":[],"_links":{"self":[{"href":"https:\/\/leplaisirdetresoi.fr\/blog\/wp-json\/wp\/v2\/posts\/82"}],"collection":[{"href":"https:\/\/leplaisirdetresoi.fr\/blog\/wp-json\/wp\/v2\/posts"}],"about":[{"href":"https:\/\/leplaisirdetresoi.fr\/blog\/wp-json\/wp\/v2\/types\/post"}],"author":[{"embeddable":true,"href":"https:\/\/leplaisirdetresoi.fr\/blog\/wp-json\/wp\/v2\/users\/1"}],"replies":[{"embeddable":true,"href":"https:\/\/leplaisirdetresoi.fr\/blog\/wp-json\/wp\/v2\/comments?post=82"}],"version-history":[{"count":2,"href":"https:\/\/leplaisirdetresoi.fr\/blog\/wp-json\/wp\/v2\/posts\/82\/revisions"}],"predecessor-version":[{"id":101,"href":"https:\/\/leplaisirdetresoi.fr\/blog\/wp-json\/wp\/v2\/posts\/82\/revisions\/101"}],"wp:featuredmedia":[{"embeddable":true,"href":"https:\/\/leplaisirdetresoi.fr\/blog\/wp-json\/wp\/v2\/media\/99"}],"wp:attachment":[{"href":"https:\/\/leplaisirdetresoi.fr\/blog\/wp-json\/wp\/v2\/media?parent=82"}],"wp:term":[{"taxonomy":"category","embeddable":true,"href":"https:\/\/leplaisirdetresoi.fr\/blog\/wp-json\/wp\/v2\/categories?post=82"},{"taxonomy":"post_tag","embeddable":true,"href":"https:\/\/leplaisirdetresoi.fr\/blog\/wp-json\/wp\/v2\/tags?post=82"}],"curies":[{"name":"wp","href":"https:\/\/api.w.org\/{rel}","templated":true}]}}