{"id":84,"date":"2019-08-01T18:57:00","date_gmt":"2019-08-01T16:57:00","guid":{"rendered":"https:\/\/leplaisirdetresoi.fr\/blog\/?p=84"},"modified":"2021-09-03T19:26:59","modified_gmt":"2021-09-03T17:26:59","slug":"accueillir-les-energies-daout-lughnasadh","status":"publish","type":"post","link":"https:\/\/leplaisirdetresoi.fr\/blog\/accueillir-les-energies-daout-lughnasadh\/","title":{"rendered":"Accueillir les \u00e9nergies d\u2019Ao\u00fbt : Lughnasadh"},"content":{"rendered":"\n<figure class=\"wp-block-image size-large\"><img loading=\"lazy\" width=\"1024\" height=\"682\" src=\"http:\/\/leplaisirdetresoi.fr\/blog\/wp-content\/uploads\/2021\/09\/pretty-woman-1509956_1280-1024x682.jpg\" alt=\"cycle-celtique-lughnasadh-lugh-aout-celtisme-paganisme-celte-roue-ann\u00e9e-wicca\" class=\"wp-image-96\" srcset=\"https:\/\/leplaisirdetresoi.fr\/blog\/wp-content\/uploads\/2021\/09\/pretty-woman-1509956_1280-1024x682.jpg 1024w, https:\/\/leplaisirdetresoi.fr\/blog\/wp-content\/uploads\/2021\/09\/pretty-woman-1509956_1280-300x200.jpg 300w, https:\/\/leplaisirdetresoi.fr\/blog\/wp-content\/uploads\/2021\/09\/pretty-woman-1509956_1280-768x512.jpg 768w, https:\/\/leplaisirdetresoi.fr\/blog\/wp-content\/uploads\/2021\/09\/pretty-woman-1509956_1280-1240x826.jpg 1240w, https:\/\/leplaisirdetresoi.fr\/blog\/wp-content\/uploads\/2021\/09\/pretty-woman-1509956_1280-508x339.jpg 508w, https:\/\/leplaisirdetresoi.fr\/blog\/wp-content\/uploads\/2021\/09\/pretty-woman-1509956_1280.jpg 1280w\" sizes=\"(max-width: 1024px) 100vw, 1024px\" \/><\/figure>\n\n\n\n<p>Cet article fait partie d&rsquo;une s\u00e9rie de 8 articles <strong>consacr\u00e9s \u00e0 ton harmonisation avec les grands cycles naturels de la vie<\/strong>. T&rsquo;harmoniser avec ces cycles te permettra de prendre du recul par rapport aux diff\u00e9rentes phases de la vie et de mieux vivre chaque p\u00e9riode de l&rsquo;ann\u00e9e te rendant compte que ce que tu vis est en corr\u00e9lation avec les \u00e9nergies de chaque p\u00e9riode.<\/p>\n\n\n\n<p>Cette s\u00e9rie d&rsquo;articles propose donc un <strong>voyage au c\u0153ur des 8 f\u00eates du calendrier celtique<\/strong> comprenant les 4 f\u00eates principales et les 4 mouvements c\u00e9lestes des solstices et des \u00e9quinoxes.<\/p>\n\n\n\n<p>Chaque f\u00eate met en avant des axes fondamentaux permettant de te synchroniser avec les rythmes naturels de la vie.<\/p>\n\n\n\n<p>Les diff\u00e9rents contenus propos\u00e9s dans cette s\u00e9rie d&rsquo;articles sont tous issus de l&rsquo;enseignement du Cycle Celtique.<\/p>\n\n\n\n<p>Aujourd&rsquo;hui, je t&rsquo;offre la possibilit\u00e9 d&rsquo;acc\u00e9der gratuitement \u00e0 diff\u00e9rents contenus afin de pouvoir vivre les transformations propos\u00e9es par la tradition celtique.<\/p>\n\n\n\n<p>Pour chaque p\u00e9riode, <strong>tu pourras t\u00e9l\u00e9charger gratuitement les m\u00e9ditations d&rsquo;ouverture et\/ou les r\u00eaves \u00e9veill\u00e9s<\/strong> te permettant d&rsquo;accueillir plus facilement les \u00e9nergies rattach\u00e9es \u00e0 chaque p\u00e9riode.<\/p>\n\n\n\n<h2>1.Invocation des \u00e9nergies de la p\u00e9riode<\/h2>\n\n\n\n<p>Pour commencer, voici le texte d&rsquo;invocation des \u00e9nergies de la p\u00e9riode. Tu retrouveras ce texte dans la m\u00e9ditation d&rsquo;ouverture que tu peux t\u00e9l\u00e9charger d\u00e8s maintenant en cliquant sur le bouton un peu plus bas.<\/p>\n\n\n\n<blockquote class=\"wp-block-quote\"><p><em>\u00ab&nbsp;Nous sommes pr\u00e9sents, en ce jour de Lughnasadh et le temps des moissons, pour honorer le sommet de l\u2019\u00e9t\u00e9, l\u2019abondance et la prosp\u00e9rit\u00e9, cultiver la patience et c\u00e9l\u00e9brer les futures r\u00e9coltes.<\/em><\/p><p><em>En introspection, nous appr\u00e9cions le chemin parcouru et honorons ceux qui nous entourent. <\/em><em>Nous sommes ici, en ces jours chauds, o\u00f9 la terre est s\u00e8che et dess\u00e9ch\u00e9e. Maintenant est venu le temps de commencer \u00e0 r\u00e9colter ce que nous avons sem\u00e9, de dire merci, pour gratifier et honorer la d\u00e9esse m\u00e8re, pour l\u2019abondance des r\u00e9coltes et le Dieu P\u00e8re, symbole de prosp\u00e9rit\u00e9.<\/em><\/p><p><em>Que cette c\u00e9l\u00e9bration soit baign\u00e9e des \u00e9nergies de ce milieu de la saison claire. Voici le temps o\u00f9 la nature r\u00e9pand ses largesses pour assurer notre survie.<\/em><\/p><p><em>\u00d4 Dieu des champs m\u00fbrissant, Seigneur du grain, accorde-nous de comprendre le sens du sacrifice, alors que tu te pr\u00e9pares \u00e0 t\u2019abandonner \u00e0 la faucille de la D\u00e9esse, et \u00e0 partir vers la terre de l\u2019\u00e9t\u00e9 \u00e9ternel.<\/em><\/p><p><em>\u00d4 Dieu de la lune noire, r\u00e9v\u00e8le-nous les secrets de la renaissance alors que les forces du soleil d\u00e9clinent et que les nuits fra\u00eechissent.<\/em><\/p><p><em>Prenons un moment pour m\u00e9diter sur les graines sem\u00e9es et germ\u00e9es depuis Imbolc <\/em><em>(fin janvier). <\/em><em>Nous sommes r\u00e9unis pour faire tourner la roue de l\u2019ann\u00e9e. Nous honorons la sagesse de la M\u00e8re et les le\u00e7ons de son abondance et de sa g\u00e9n\u00e9rosit\u00e9 \u00e9ternelle. Nous honorons le Dieu Soleil qui voyage m\u00eame au plus pr\u00e8s de l\u2019obscurit\u00e9. Nous remercions le Dieu du Bl\u00e9 qui a grandi par le pouvoir et l\u2019union de la D\u00e9esse et du Dieu, Terre et Soleil, et qui maintenant se sacrifie pour que nous puissions vivre et qu\u2019il puisse vivre \u00e0 nouveau.<\/em><\/p><p><em>Il est temps de reconna\u00eetre notre pouvoir de rendre nos r\u00eaves r\u00e9els, de remplir les objectifs que nous nous sommes fix\u00e9s. Les premiers fruits de notre labeur nous nourrissent, mais nous devons aussi nourrir la patience pour que les grandes r\u00e9coltes viennent.&nbsp;\u00bb<\/em><\/p><\/blockquote>\n\n\n\n<p>Les axes de la p\u00e9riode sont :<\/p>\n\n\n\n<ul><li>R\u00e9colte<\/li><li>G\u00e9n\u00e9rosit\u00e9<\/li><li>\u00c9change<\/li><\/ul>\n\n\n\n<h2>2.Lughnasadh : Origines de la f\u00eate<\/h2>\n\n\n\n<p>Lughnasadh, 4\u00e8me des quatre grandes f\u00eates de l\u2019ann\u00e9e celtique, est le <strong>symbole de la lumi\u00e8re et des premi\u00e8res r\u00e9coltes<\/strong>, marquant le d\u00e9part prochain de l\u2019\u00e9t\u00e9 et signant v\u00e9ritablement le d\u00e9but du d\u00e9clin de la puissance du Dieu pendant que les jours se raccourcissent. Malgr\u00e9 l\u2019\u00e9t\u00e9 s\u2019en allant, on retrouve sa chaleur et sa g\u00e9n\u00e9rosit\u00e9 dans la nourriture que l\u2019on mange. <strong>Chaque repas rappelant que rien n\u2019est permanent dans l\u2019univers.<\/strong><\/p>\n\n\n\n<p>Dans la tradition celtique, on honore et on remercie la d\u00e9esse M\u00e8re pour l\u2019abondance des r\u00e9coltes, ainsi que le Dieu, symbole de prosp\u00e9rit\u00e9. Lughnasadh est l\u2019exact oppos\u00e9 d\u2019Imbolc sur la Roue celtique de l\u2019Ann\u00e9e. Imbolc marque le point m\u00e9dian de la moiti\u00e9 de l\u2019ann\u00e9e sombre. C\u2019est surtout une f\u00eate f\u00e9minine, associ\u00e9e \u00e0 l\u2019accouchement et au lait, pr\u00e9sid\u00e9e par Brigit. Les c\u00e9l\u00e9brations \u00e9tant centr\u00e9es sur le foyer et la famille. <strong>Lughnasadh se tient au milieu de la moiti\u00e9 claire de l\u2019ann\u00e9e et est plut\u00f4t une f\u00eate masculine.<\/strong> Les festivit\u00e9s prenaient la forme de grands rassemblements \u00e0 l\u2019ext\u00e9rieur et de foires et incluaient traditionnellement des activit\u00e9s telles que le commerce, les courses de chevaux et l\u2019\u00e9tablissement de lois.<\/p>\n\n\n\n<h2>3.Lughnasadh : Le temps de l&rsquo;appr\u00e9ciation<\/h2>\n\n\n\n<p>Il s\u2019agit de la f\u00eate du roi dans sa fonction de redistributeur des richesses et d\u2019\u00e9quit\u00e9. <strong>\u00c0 Lughnasadh, nous r\u00e9coltons ce que nous avons sem\u00e9, aussi bien dans la terre ext\u00e9rieure que dans notre terre int\u00e9rieure.<\/strong><\/p>\n\n\n\n<p>Quelles graines avons-nous vu fleurir depuis Imbolc&nbsp;?<br>Avons-nous r\u00e9ellement arros\u00e9 les graines n\u2019ayant pas fleuri&nbsp;?<br>Quelle intention et quelle attention mettons-nous dans les choses&nbsp;?<br>Quelle couleur donnons-nous \u00e0 notre r\u00e9colte&nbsp;? S\u2019agit-il du blanc, du noir, du rose ou du vert, de la gratitude, de la joie ou de l&rsquo;amour&nbsp;?<br>Sommes-nous r\u00e9ellement content du chemin parcouru&nbsp;?<br>Prenons-nous le temps de savourer, de profiter, une fois l\u2019\u00e9tape pass\u00e9e&nbsp;?<br>Savons-nous appr\u00e9cier les fruits de nos r\u00e9alisations&nbsp;?<br>Et par la m\u00eame, observons-nous la g\u00e9n\u00e9rosit\u00e9 de notre r\u00e9colte&nbsp;?<\/p>\n\n\n\n<p><strong>Car tout comme l\u2019univers est g\u00e9n\u00e9reux, nous visitons \u00e0 travers ce cycle la g\u00e9n\u00e9rosit\u00e9 de l\u2019univers envers nous en m\u00eame temps que nous posons le regard sur notre propre g\u00e9n\u00e9rosit\u00e9.<\/strong><\/p>\n\n\n\n<p>Nourrissons-nous cette part de nous qu\u2019est le don&nbsp;?<br>Offrons-nous au monde sans attendre en retour&nbsp;?<br>Offrons-nous au monde notre lumi\u00e8re, notre aide, notre \u00e9coute&nbsp;?<\/p>\n\n\n\n<p>Car c\u2019est dans cette dynamique d\u2019offrir que l\u2019\u00e9change se met en place, naturellement. Le donner et le recevoir. L\u2019\u00e9quilibre de l\u2019interaction et de l\u2019interd\u00e9pendance prend d\u00e9sormais place au c\u0153ur de notre exp\u00e9rience&nbsp;: \u00ab&nbsp;en toi, je me vois&nbsp;\u00bb. <strong>Et c\u2019est par ce chemin que chacun pourra ouvrir encore plus, \u00e0 l\u2019int\u00e9rieur de son c\u0153ur, un espace d\u2019\u00e9change avec l\u2019autre dans l\u2019accueil et l\u2019ouverture, la sinc\u00e9rit\u00e9 et la compr\u00e9hension. <\/strong>En offrant \u00e0 l\u2019autre notre \u00e2me et nos \u00e9tats d\u2019\u00e2mes, nous permettons \u00e0 l\u2019autre de faire de m\u00eame et ainsi de pouvoir toucher, \u00e0 l\u2019int\u00e9rieur de lui, l\u2019essence de son \u00eatre.<\/p>\n\n\n\n<p>Prenons aussi un temps pour honorer tous ceux qui nous entourent et nous soutiennent.<\/p>\n\n\n\n<p>\u00c0 l\u2019\u00e9poque o\u00f9 nous nous sentons trop d\u00e9connect\u00e9s les uns des autres, les journ\u00e9es d\u2019ao\u00fbt sont un moment id\u00e9al pour nous rassembler entre amis et voisins, afin de nourrir un sentiment communautaire.<\/p>\n\n\n\n<p><strong>Lugh, pr\u00e9side \u00e0 la communication, aux voyages, aux r\u00e9unions o\u00f9 il y a un \u00e9change d\u2019id\u00e9es cr\u00e9atif.<\/strong><\/p>\n\n\n\n<h2>4.Lughnasadh : Mantra de la p\u00e9riode<\/h2>\n\n\n\n<blockquote class=\"wp-block-quote\"><p>\u00ab En toi, je me vois.\u00a0\u00bb&nbsp;<\/p><\/blockquote>\n\n\n\n<p>Dans l&rsquo;hindouisme et le bouddhisme, <strong>les mantras sont des syllabes ou phrases sacr\u00e9es dot\u00e9es d&rsquo;un pouvoir spirituel<\/strong>. La pratique du mantra s&rsquo;est d\u00e9velopp\u00e9e dans un sens plus large au d\u00e9veloppement personnel et spirituel permettant ainsi de cr\u00e9er de nouveaux chemins neuronaux.<\/p>\n\n\n\n<p>Nom et forme sont deux faces d&rsquo;une m\u00eame pi\u00e8ce. Nous ne pouvons pas avoir l&rsquo;un sans l&rsquo;autre. Lorsque tu r\u00e9p\u00e8tes un nom, la forme vient \u00e0 l&rsquo;esprit. Bien que tu ne puisses pas conna\u00eetre consciemment la forme li\u00e9e \u00e0 certain mantra, un mode de pens\u00e9e sp\u00e9cifique est cr\u00e9e dans ton esprit.<\/p>\n\n\n\n<p>Le son, constitu\u00e9 de vibrations, est de l&rsquo;\u00e9nergie et par la r\u00e9p\u00e9tition d&rsquo;un mantra, tu peux acc\u00e9der \u00e0 un plan de conscience sup\u00e9rieur et ainsi pouvoir incarner et exp\u00e9rimenter les caract\u00e9ristiques de celui-ci.<\/p>\n\n\n\n<p><strong>Renforc\u00e9s et propuls\u00e9s par la <a href=\"https:\/\/www.youtube.com\/watch?v=BpDY9iInv0o&amp;t=2s\">m\u00e9ditation<\/a><\/strong>, ils passent du niveau verbal, \u00e0 travers les \u00e9tats mentaux, \u00e0 l&rsquo;\u00e9nergie de la pens\u00e9e pure.<\/p>\n\n\n\n<p>Lorsque tu d\u00e9marres la r\u00e9p\u00e9tition d&rsquo;un mantra, cela cr\u00e9e un motif particulier dans ta pens\u00e9e. C&rsquo;est alors que l&rsquo;\u00e9nergie se manifeste.<\/p>\n","protected":false},"excerpt":{"rendered":"<p>Lughnasadh, 4\u00e8me des quatre grandes f\u00eates de l\u2019ann\u00e9e celtique, est le symbole de la lumi\u00e8re et des premi\u00e8res r\u00e9coltes, marquant le d\u00e9part prochain de l\u2019\u00e9t\u00e9 et signant v\u00e9ritablement le d\u00e9but du d\u00e9clin de la puissance du Dieu pendant que les jours se raccourcissent. Malgr\u00e9 l\u2019\u00e9t\u00e9 s\u2019en allant, on retrouve sa chaleur et sa g\u00e9n\u00e9rosit\u00e9 dans la nourriture que l\u2019on mange. Chaque repas rappelant que rien n\u2019est permanent dans l\u2019univers.<\/p>\n","protected":false},"author":1,"featured_media":96,"comment_status":"open","ping_status":"open","sticky":false,"template":"","format":"standard","meta":[],"categories":[2],"tags":[],"_links":{"self":[{"href":"https:\/\/leplaisirdetresoi.fr\/blog\/wp-json\/wp\/v2\/posts\/84"}],"collection":[{"href":"https:\/\/leplaisirdetresoi.fr\/blog\/wp-json\/wp\/v2\/posts"}],"about":[{"href":"https:\/\/leplaisirdetresoi.fr\/blog\/wp-json\/wp\/v2\/types\/post"}],"author":[{"embeddable":true,"href":"https:\/\/leplaisirdetresoi.fr\/blog\/wp-json\/wp\/v2\/users\/1"}],"replies":[{"embeddable":true,"href":"https:\/\/leplaisirdetresoi.fr\/blog\/wp-json\/wp\/v2\/comments?post=84"}],"version-history":[{"count":2,"href":"https:\/\/leplaisirdetresoi.fr\/blog\/wp-json\/wp\/v2\/posts\/84\/revisions"}],"predecessor-version":[{"id":98,"href":"https:\/\/leplaisirdetresoi.fr\/blog\/wp-json\/wp\/v2\/posts\/84\/revisions\/98"}],"wp:featuredmedia":[{"embeddable":true,"href":"https:\/\/leplaisirdetresoi.fr\/blog\/wp-json\/wp\/v2\/media\/96"}],"wp:attachment":[{"href":"https:\/\/leplaisirdetresoi.fr\/blog\/wp-json\/wp\/v2\/media?parent=84"}],"wp:term":[{"taxonomy":"category","embeddable":true,"href":"https:\/\/leplaisirdetresoi.fr\/blog\/wp-json\/wp\/v2\/categories?post=84"},{"taxonomy":"post_tag","embeddable":true,"href":"https:\/\/leplaisirdetresoi.fr\/blog\/wp-json\/wp\/v2\/tags?post=84"}],"curies":[{"name":"wp","href":"https:\/\/api.w.org\/{rel}","templated":true}]}}